{"id":143,"date":"2020-02-10T18:02:12","date_gmt":"2020-02-10T17:02:12","guid":{"rendered":"https:\/\/redactologue.fr\/blog\/?p=143"},"modified":"2022-10-17T20:08:17","modified_gmt":"2022-10-17T18:08:17","slug":"entrepreneuriat-entreprenariat","status":"publish","type":"post","link":"https:\/\/redactologue.fr\/blog\/entrepreneuriat-entreprenariat\/","title":{"rendered":"Entrepreneuriat ou Entreprenariat\u00a0: comment \u00e7a s\u2019\u00e9crit\u00a0?"},"content":{"rendered":"<p><span style=\"font-family: Times New Roman, serif;\"><span style=\"font-size: medium;\">Quelle est la diff\u00e9rence entre \u00ab\u00a0entrepreneuriat\u00a0\u00bb et \u00ab\u00a0entreprenariat\u00a0\u00bb\u00a0? \u00c0 part l\u2019orthographe, aucune en th\u00e9orie. Les deux mots d\u00e9signent la m\u00eame chose, c\u2019est-\u00e0-dire le nom donn\u00e9 \u00e0 l\u2019action d\u2019entreprendre. Alors, pourquoi deux orthographes\u00a0; et surtout, quelle est la bonne\u00a0?<\/span><\/span><\/p>\n<h2 class=\"western\">Doit-on \u00e9crire \u00ab\u00a0entrepreneuriat\u00a0\u00bb ou \u00ab\u00a0entreprenariat\u00a0\u00bb\u00a0?<\/h2>\n<p><span style=\"font-family: Times New Roman, serif;\"><span style=\"font-size: medium;\">La forme correcte est aujourd\u2019hui \u00ab\u00a0entrepreneuriat\u00a0\u00bb. C\u2019est donc ainsi que l\u2019on doit th\u00e9oriquement l\u2019\u00e9crire pour \u00e9viter de faire une faute d\u2019orthographe. Une subtilit\u00e9 de la langue \u00e0 conna\u00eetre, surtout si on est <a href=\"https:\/\/redactologue.fr\/\">r\u00e9dacteur<\/a>.<\/span><\/span><\/p>\n<p><span style=\"font-family: Times New Roman, serif;\"><span style=\"font-size: medium;\">Si nous sommes nombreux \u00e0 nous faire avoir, c\u2019est \u00e9videmment parce que la prononciation la plus courante (en France m\u00e9tropolitaine, en tout cas) laisse penser qu\u2019il faut l\u2019\u00e9crire \u00ab\u00a0entreprenariat\u00a0\u00bb. Pour briller gr\u00e2ce \u00e0 votre ma\u00eetrise de l\u2019orthographe, \u00e9vitez ce pi\u00e8ge dans lequel beaucoup tombent.<\/span><\/span><\/p>\n<h2 class=\"western\">D\u2019o\u00f9 vient cette erreur courante\u00a0?<\/h2>\n<p><span style=\"font-family: Times New Roman, serif;\"><span style=\"font-size: medium;\">On peut facilement imaginer que le terme \u00ab\u00a0entrepreneuriat\u00a0\u00bb a chang\u00e9 progressivement de prononciation\u00a0; celle de l\u2019orthographe \u00ab\u00a0entreprenariat\u00a0\u00bb \u00e9tant un peu plus ais\u00e9e. Avec la prononciation changeante, la tentation d\u2019une nouvelle orthographe est souvent forte. Pourtant, cette th\u00e9orie est compl\u00e8tement fausse.<\/span><\/span><\/p>\n<p><span style=\"font-family: Times New Roman, serif;\"><span style=\"font-size: medium;\">En fait, le mot \u00ab\u00a0entreprenariat\u00a0\u00bb est apparu en premier. Ce mot se construit \u00e9videmment sur le radical \u00ab\u00a0entrepreneur\u00a0\u00bb, mais \u00e0 partir du mod\u00e8le de mots comme \u00ab\u00a0partenariat\u00a0\u00bb. Cependant, le suffixe \u00ab\u00a0-ariat\u00a0\u00bb s\u2019applique normalement sur les mots qui se terminent en \u00ab\u00a0-aire\u00a0\u00bb, comme \u00ab\u00a0partenaire\u00a0\u00bb.<\/span><\/span><\/p>\n<p><span style=\"font-family: Times New Roman, serif;\"><span style=\"font-size: medium;\">L\u2019orthographe \u00ab\u00a0entreprenariat\u00a0\u00bb \u00e9tait donc une construction fautive puisqu\u2019elle imitait une construction proche, mais pas identique. R\u00e9sultat, le mot \u00ab\u00a0entrepreneuriat\u00a0\u00bb s\u2019est construit plus tard pour corriger cette horreur. Cependant, il \u00e9tait d\u00e9j\u00e0 trop tard pour la prononciation.<\/span><\/span><\/p>\n<h2 class=\"western\">\u00ab\u00a0Entrepreneuriat\u00a0\u00bb n\u2019est pas correct non plus\u00a0!<\/h2>\n<p><span style=\"font-family: Times New Roman, serif;\"><span style=\"font-size: medium;\">Les amateurs de lexicographie et d\u2019\u00e9tymologie sont sans doute frapp\u00e9s par l\u2019explication que nous venons de donner. Pourquoi\u00a0? Parce que si \u00ab\u00a0entreprenariat\u00a0\u00bb est une construction fautive, car \u00ab\u00a0-ariat\u00a0\u00bb n\u2019est pas adapt\u00e9 \u00e0 un mot se terminant par \u00ab\u00a0-eur\u00a0\u00bb, \u00ab\u00a0entrepreneuriat\u00a0\u00bb n\u2019est pas non plus correct. En effet, le suffixe \u00ab\u00a0-iat\u00a0\u00bb n\u2019est pas non plus adapt\u00e9 \u00e0 un mot se terminant par \u00ab\u00a0-eur\u00a0\u00bb.<\/span><\/span><\/p>\n<p><span style=\"font-family: Times New Roman, serif;\"><span style=\"font-size: medium;\">G\u00e9n\u00e9ralement, la d\u00e9rivation d\u2019un mot se terminant en \u00ab\u00a0-eur\u00a0\u00bb se fait avec les suffixes \u00ab\u00a0-or\u00a0\u00bb et \u00ab\u00a0-at\u00a0\u00bb. Pensez aux mots \u00ab\u00a0professeur\u00a0\u00bb, \u00ab\u00a0docteur\u00a0\u00bb et \u00ab\u00a0tuteur\u00a0\u00bb qui donnent \u00ab\u00a0professorat\u00a0\u00bb, \u00ab\u00a0doctorat\u00a0\u00bb et \u00ab\u00a0tutorat\u00a0\u00bb. <\/span><\/span><\/p>\n<p><span style=\"font-family: Times New Roman, serif;\"><span style=\"font-size: medium;\">En th\u00e9orie, la forme correcte de cette d\u00e9rivation du mot \u00ab\u00a0entrepreneur\u00a0\u00bb devrait \u00eatre \u00ab\u00a0entreprenorat\u00a0\u00bb. Certes, mais ce n\u2019est pas le cas. Si vous utilisez la forme th\u00e9oriquement correcte, vous ferez une faute. Appelons cela \u00ab\u00a0l\u2019exception qui confirme la r\u00e8gle\u00a0\u00bb\u00a0!<\/span><\/span><\/p>\n<h2 class=\"western\">Entreprenariat est-il aussi correct alors\u00a0?<\/h2>\n<p><span style=\"font-family: Times New Roman, serif;\"><span style=\"font-size: medium;\">Du coup, puisque tous les dictionnaires et l\u2019Acad\u00e9mie fran\u00e7aise elle-m\u00eame ont fini par consacrer une orthographe qui ne correspond pas au fonctionnement grammatical du fran\u00e7ais, peut-on estimer que nous n\u2019avons pas de raisons de consid\u00e9rer l\u2019orthographe \u00ab\u00a0entreprenariat\u00a0\u00bb comme incorrecte\u00a0?<\/span><\/span><\/p>\n<p><span style=\"font-family: Times New Roman, serif;\"><span style=\"font-size: medium;\">N\u00e9anmoins, sachez que l\u2019on retrouve encore l\u2019utilisation de l\u2019orthographe \u00ab\u00a0entreprenariat\u00a0\u00bb dans des documents officiels r\u00e9cents, \u00e0 l\u2019image de cet article publi\u00e9 en mars 2022 sur le site du minist\u00e8re de l\u2019Agriculture\u00a0: <a href=\"https:\/\/agriculture.gouv.fr\/sia2022-une-sequence-dediee-lentreprenariat-dans-le-monde-agricole\">https:\/\/agriculture.gouv.fr\/sia2022-une-sequence-dediee-lentreprenariat-dans-le-monde-agricole<\/a>.<\/span><\/span><\/p>\n<p><span style=\"font-family: Times New Roman, serif;\"><span style=\"font-size: medium;\">De fait, beaucoup de dictionnaires et de correcteurs orthographiques informatiques estiment aujourd\u2019hui que les deux orthographes sont correctes. Pour \u00eatre s\u00fbrs, nous vous conseillons d\u2019opter pour l\u2019orthographe \u00ab\u00a0entrepreneuriat\u00a0\u00bb. On ne pourra alors jamais vous reprocher d\u2019avoir fait une faute. \u00c0 moins que vous ayez envie d\u2019apprendre \u00e0 votre interlocuteur l\u2019histoire tortueuse de l\u2019orthographe de ce mot pourtant r\u00e9cent.<\/span><\/span><\/p>\n","protected":false},"excerpt":{"rendered":"<p>Quelle est la diff\u00e9rence entre \u00ab\u00a0entrepreneuriat\u00a0\u00bb et \u00ab\u00a0entreprenariat\u00a0\u00bb\u00a0? \u00c0 part l\u2019orthographe, aucune en th\u00e9orie. Les deux mots d\u00e9signent la m\u00eame chose, c\u2019est-\u00e0-dire le nom donn\u00e9 \u00e0 l\u2019action d\u2019entreprendre. Alors, pourquoi deux orthographes\u00a0; et surtout, quelle est la bonne\u00a0? Doit-on \u00e9crire \u00ab\u00a0entrepreneuriat\u00a0\u00bb ou \u00ab\u00a0entreprenariat\u00a0\u00bb\u00a0? La forme correcte est aujourd\u2019hui \u00ab\u00a0entrepreneuriat\u00a0\u00bb. C\u2019est donc ainsi que l\u2019on doit [&hellip;]<\/p>\n","protected":false},"author":1,"featured_media":144,"comment_status":"open","ping_status":"open","sticky":false,"template":"","format":"standard","meta":{"_jetpack_memberships_contains_paid_content":false,"footnotes":""},"categories":[4],"tags":[],"class_list":["post-143","post","type-post","status-publish","format-standard","has-post-thumbnail","hentry","category-les-regles-du-francais","entry-image--landscape"],"yoast_head":"<!-- This site is optimized with the Yoast SEO plugin v27.5 - https:\/\/yoast.com\/product\/yoast-seo-wordpress\/ -->\n<title>Entrepreneuriat ou Entreprenariat\u00a0: comment \u00e7a s\u2019\u00e9crit\u00a0?<\/title>\n<meta name=\"description\" content=\"Quelle diff\u00e9rence entre \u00ab\u00a0entrepreneuriat\u00a0\u00bb et \u00ab\u00a0entreprenariat\u00a0\u00bb ? Ils d\u00e9signent la m\u00eame chose. Alors, quelle orthographe est la bonne ?\" \/>\n<meta name=\"robots\" content=\"index, follow, max-snippet:-1, max-image-preview:large, max-video-preview:-1\" \/>\n<link rel=\"canonical\" href=\"https:\/\/redactologue.fr\/blog\/entrepreneuriat-entreprenariat\/\" \/>\n<meta property=\"og:locale\" content=\"fr_FR\" \/>\n<meta property=\"og:type\" content=\"article\" \/>\n<meta property=\"og:title\" content=\"Entrepreneuriat ou Entreprenariat\u00a0: comment \u00e7a s\u2019\u00e9crit\u00a0?\" \/>\n<meta property=\"og:description\" content=\"Quelle diff\u00e9rence entre \u00ab\u00a0entrepreneuriat\u00a0\u00bb et \u00ab\u00a0entreprenariat\u00a0\u00bb ? Ils d\u00e9signent la m\u00eame chose. Alors, quelle orthographe est la bonne ?\" \/>\n<meta property=\"og:url\" content=\"https:\/\/redactologue.fr\/blog\/entrepreneuriat-entreprenariat\/\" \/>\n<meta property=\"og:site_name\" content=\"R\u00e9dactologue\" \/>\n<meta property=\"article:published_time\" content=\"2020-02-10T17:02:12+00:00\" \/>\n<meta property=\"article:modified_time\" content=\"2022-10-17T18:08:17+00:00\" \/>\n<meta property=\"og:image\" content=\"https:\/\/redactologue.fr\/blog\/wp-content\/uploads\/2022\/10\/Capture-decran-2022-10-17-200013.jpg\" \/>\n\t<meta property=\"og:image:width\" content=\"1161\" \/>\n\t<meta property=\"og:image:height\" content=\"673\" \/>\n\t<meta property=\"og:image:type\" content=\"image\/jpeg\" \/>\n<meta name=\"author\" content=\"Le R\u00e9dactologue\" \/>\n<meta name=\"twitter:card\" content=\"summary_large_image\" \/>\n<meta name=\"twitter:creator\" content=\"@redactologue\" \/>\n<meta name=\"twitter:label1\" content=\"\u00c9crit par\" \/>\n\t<meta name=\"twitter:data1\" content=\"Le R\u00e9dactologue\" \/>\n\t<meta name=\"twitter:label2\" content=\"Dur\u00e9e de lecture estim\u00e9e\" \/>\n\t<meta name=\"twitter:data2\" content=\"3 minutes\" \/>\n<script type=\"application\/ld+json\" class=\"yoast-schema-graph\">{\"@context\":\"https:\\\/\\\/schema.org\",\"@graph\":[{\"@type\":\"Article\",\"@id\":\"https:\\\/\\\/redactologue.fr\\\/blog\\\/entrepreneuriat-entreprenariat\\\/#article\",\"isPartOf\":{\"@id\":\"https:\\\/\\\/redactologue.fr\\\/blog\\\/entrepreneuriat-entreprenariat\\\/\"},\"author\":{\"name\":\"Le R\u00e9dactologue\",\"@id\":\"https:\\\/\\\/redactologue.fr\\\/blog\\\/#\\\/schema\\\/person\\\/330ce814ee05a6e36754171d04971aca\"},\"headline\":\"Entrepreneuriat ou Entreprenariat\u00a0: comment \u00e7a s\u2019\u00e9crit\u00a0?\",\"datePublished\":\"2020-02-10T17:02:12+00:00\",\"dateModified\":\"2022-10-17T18:08:17+00:00\",\"mainEntityOfPage\":{\"@id\":\"https:\\\/\\\/redactologue.fr\\\/blog\\\/entrepreneuriat-entreprenariat\\\/\"},\"wordCount\":594,\"commentCount\":0,\"image\":{\"@id\":\"https:\\\/\\\/redactologue.fr\\\/blog\\\/entrepreneuriat-entreprenariat\\\/#primaryimage\"},\"thumbnailUrl\":\"https:\\\/\\\/i0.wp.com\\\/redactologue.fr\\\/blog\\\/wp-content\\\/uploads\\\/2022\\\/10\\\/Capture-decran-2022-10-17-200013.jpg?fit=1161%2C673&ssl=1\",\"articleSection\":[\"Les r\u00e8gles du Fran\u00e7ais\"],\"inLanguage\":\"fr-FR\",\"potentialAction\":[{\"@type\":\"CommentAction\",\"name\":\"Comment\",\"target\":[\"https:\\\/\\\/redactologue.fr\\\/blog\\\/entrepreneuriat-entreprenariat\\\/#respond\"]}]},{\"@type\":\"WebPage\",\"@id\":\"https:\\\/\\\/redactologue.fr\\\/blog\\\/entrepreneuriat-entreprenariat\\\/\",\"url\":\"https:\\\/\\\/redactologue.fr\\\/blog\\\/entrepreneuriat-entreprenariat\\\/\",\"name\":\"Entrepreneuriat ou Entreprenariat\u00a0: comment \u00e7a s\u2019\u00e9crit\u00a0?\",\"isPartOf\":{\"@id\":\"https:\\\/\\\/redactologue.fr\\\/blog\\\/#website\"},\"primaryImageOfPage\":{\"@id\":\"https:\\\/\\\/redactologue.fr\\\/blog\\\/entrepreneuriat-entreprenariat\\\/#primaryimage\"},\"image\":{\"@id\":\"https:\\\/\\\/redactologue.fr\\\/blog\\\/entrepreneuriat-entreprenariat\\\/#primaryimage\"},\"thumbnailUrl\":\"https:\\\/\\\/i0.wp.com\\\/redactologue.fr\\\/blog\\\/wp-content\\\/uploads\\\/2022\\\/10\\\/Capture-decran-2022-10-17-200013.jpg?fit=1161%2C673&ssl=1\",\"datePublished\":\"2020-02-10T17:02:12+00:00\",\"dateModified\":\"2022-10-17T18:08:17+00:00\",\"author\":{\"@id\":\"https:\\\/\\\/redactologue.fr\\\/blog\\\/#\\\/schema\\\/person\\\/330ce814ee05a6e36754171d04971aca\"},\"description\":\"Quelle diff\u00e9rence entre \u00ab\u00a0entrepreneuriat\u00a0\u00bb et \u00ab\u00a0entreprenariat\u00a0\u00bb ? Ils d\u00e9signent la m\u00eame chose. Alors, quelle orthographe est la bonne ?\",\"breadcrumb\":{\"@id\":\"https:\\\/\\\/redactologue.fr\\\/blog\\\/entrepreneuriat-entreprenariat\\\/#breadcrumb\"},\"inLanguage\":\"fr-FR\",\"potentialAction\":[{\"@type\":\"ReadAction\",\"target\":[\"https:\\\/\\\/redactologue.fr\\\/blog\\\/entrepreneuriat-entreprenariat\\\/\"]}]},{\"@type\":\"ImageObject\",\"inLanguage\":\"fr-FR\",\"@id\":\"https:\\\/\\\/redactologue.fr\\\/blog\\\/entrepreneuriat-entreprenariat\\\/#primaryimage\",\"url\":\"https:\\\/\\\/i0.wp.com\\\/redactologue.fr\\\/blog\\\/wp-content\\\/uploads\\\/2022\\\/10\\\/Capture-decran-2022-10-17-200013.jpg?fit=1161%2C673&ssl=1\",\"contentUrl\":\"https:\\\/\\\/i0.wp.com\\\/redactologue.fr\\\/blog\\\/wp-content\\\/uploads\\\/2022\\\/10\\\/Capture-decran-2022-10-17-200013.jpg?fit=1161%2C673&ssl=1\",\"width\":1161,\"height\":673,\"caption\":\"entrepreneuriat ou entreprenariat\"},{\"@type\":\"BreadcrumbList\",\"@id\":\"https:\\\/\\\/redactologue.fr\\\/blog\\\/entrepreneuriat-entreprenariat\\\/#breadcrumb\",\"itemListElement\":[{\"@type\":\"ListItem\",\"position\":1,\"name\":\"Home\",\"item\":\"https:\\\/\\\/redactologue.fr\\\/blog\\\/\"},{\"@type\":\"ListItem\",\"position\":2,\"name\":\"Entrepreneuriat ou Entreprenariat\u00a0: comment \u00e7a s\u2019\u00e9crit\u00a0?\"}]},{\"@type\":\"WebSite\",\"@id\":\"https:\\\/\\\/redactologue.fr\\\/blog\\\/#website\",\"url\":\"https:\\\/\\\/redactologue.fr\\\/blog\\\/\",\"name\":\"R\u00e9dactologue\",\"description\":\"SEO, cr\u00e9ation de sites Web et r\u00e9daction acad\u00e9mique \",\"potentialAction\":[{\"@type\":\"SearchAction\",\"target\":{\"@type\":\"EntryPoint\",\"urlTemplate\":\"https:\\\/\\\/redactologue.fr\\\/blog\\\/?s={search_term_string}\"},\"query-input\":{\"@type\":\"PropertyValueSpecification\",\"valueRequired\":true,\"valueName\":\"search_term_string\"}}],\"inLanguage\":\"fr-FR\"},{\"@type\":\"Person\",\"@id\":\"https:\\\/\\\/redactologue.fr\\\/blog\\\/#\\\/schema\\\/person\\\/330ce814ee05a6e36754171d04971aca\",\"name\":\"Le R\u00e9dactologue\",\"image\":{\"@type\":\"ImageObject\",\"inLanguage\":\"fr-FR\",\"@id\":\"https:\\\/\\\/secure.gravatar.com\\\/avatar\\\/f0d8b6dcf23556b30052b77bd96aac462bce228b4b35b9f1df5ef8c9ba2fa8cf?s=96&d=identicon&r=g\",\"url\":\"https:\\\/\\\/secure.gravatar.com\\\/avatar\\\/f0d8b6dcf23556b30052b77bd96aac462bce228b4b35b9f1df5ef8c9ba2fa8cf?s=96&d=identicon&r=g\",\"contentUrl\":\"https:\\\/\\\/secure.gravatar.com\\\/avatar\\\/f0d8b6dcf23556b30052b77bd96aac462bce228b4b35b9f1df5ef8c9ba2fa8cf?s=96&d=identicon&r=g\",\"caption\":\"Le R\u00e9dactologue\"},\"sameAs\":[\"http:\\\/\\\/redactologue.fr\\\/blog\",\"https:\\\/\\\/x.com\\\/redactologue\"],\"url\":\"https:\\\/\\\/redactologue.fr\\\/blog\\\/author\\\/lord\\\/\"}]}<\/script>\n<!-- \/ Yoast SEO plugin. -->","yoast_head_json":{"title":"Entrepreneuriat ou Entreprenariat\u00a0: comment \u00e7a s\u2019\u00e9crit\u00a0?","description":"Quelle diff\u00e9rence entre \u00ab\u00a0entrepreneuriat\u00a0\u00bb et \u00ab\u00a0entreprenariat\u00a0\u00bb ? Ils d\u00e9signent la m\u00eame chose. Alors, quelle orthographe est la bonne ?","robots":{"index":"index","follow":"follow","max-snippet":"max-snippet:-1","max-image-preview":"max-image-preview:large","max-video-preview":"max-video-preview:-1"},"canonical":"https:\/\/redactologue.fr\/blog\/entrepreneuriat-entreprenariat\/","og_locale":"fr_FR","og_type":"article","og_title":"Entrepreneuriat ou Entreprenariat\u00a0: comment \u00e7a s\u2019\u00e9crit\u00a0?","og_description":"Quelle diff\u00e9rence entre \u00ab\u00a0entrepreneuriat\u00a0\u00bb et \u00ab\u00a0entreprenariat\u00a0\u00bb ? Ils d\u00e9signent la m\u00eame chose. Alors, quelle orthographe est la bonne ?","og_url":"https:\/\/redactologue.fr\/blog\/entrepreneuriat-entreprenariat\/","og_site_name":"R\u00e9dactologue","article_published_time":"2020-02-10T17:02:12+00:00","article_modified_time":"2022-10-17T18:08:17+00:00","og_image":[{"width":1161,"height":673,"url":"https:\/\/redactologue.fr\/blog\/wp-content\/uploads\/2022\/10\/Capture-decran-2022-10-17-200013.jpg","type":"image\/jpeg"}],"author":"Le R\u00e9dactologue","twitter_card":"summary_large_image","twitter_creator":"@redactologue","twitter_misc":{"\u00c9crit par":"Le R\u00e9dactologue","Dur\u00e9e de lecture estim\u00e9e":"3 minutes"},"schema":{"@context":"https:\/\/schema.org","@graph":[{"@type":"Article","@id":"https:\/\/redactologue.fr\/blog\/entrepreneuriat-entreprenariat\/#article","isPartOf":{"@id":"https:\/\/redactologue.fr\/blog\/entrepreneuriat-entreprenariat\/"},"author":{"name":"Le R\u00e9dactologue","@id":"https:\/\/redactologue.fr\/blog\/#\/schema\/person\/330ce814ee05a6e36754171d04971aca"},"headline":"Entrepreneuriat ou Entreprenariat\u00a0: comment \u00e7a s\u2019\u00e9crit\u00a0?","datePublished":"2020-02-10T17:02:12+00:00","dateModified":"2022-10-17T18:08:17+00:00","mainEntityOfPage":{"@id":"https:\/\/redactologue.fr\/blog\/entrepreneuriat-entreprenariat\/"},"wordCount":594,"commentCount":0,"image":{"@id":"https:\/\/redactologue.fr\/blog\/entrepreneuriat-entreprenariat\/#primaryimage"},"thumbnailUrl":"https:\/\/i0.wp.com\/redactologue.fr\/blog\/wp-content\/uploads\/2022\/10\/Capture-decran-2022-10-17-200013.jpg?fit=1161%2C673&ssl=1","articleSection":["Les r\u00e8gles du Fran\u00e7ais"],"inLanguage":"fr-FR","potentialAction":[{"@type":"CommentAction","name":"Comment","target":["https:\/\/redactologue.fr\/blog\/entrepreneuriat-entreprenariat\/#respond"]}]},{"@type":"WebPage","@id":"https:\/\/redactologue.fr\/blog\/entrepreneuriat-entreprenariat\/","url":"https:\/\/redactologue.fr\/blog\/entrepreneuriat-entreprenariat\/","name":"Entrepreneuriat ou Entreprenariat\u00a0: comment \u00e7a s\u2019\u00e9crit\u00a0?","isPartOf":{"@id":"https:\/\/redactologue.fr\/blog\/#website"},"primaryImageOfPage":{"@id":"https:\/\/redactologue.fr\/blog\/entrepreneuriat-entreprenariat\/#primaryimage"},"image":{"@id":"https:\/\/redactologue.fr\/blog\/entrepreneuriat-entreprenariat\/#primaryimage"},"thumbnailUrl":"https:\/\/i0.wp.com\/redactologue.fr\/blog\/wp-content\/uploads\/2022\/10\/Capture-decran-2022-10-17-200013.jpg?fit=1161%2C673&ssl=1","datePublished":"2020-02-10T17:02:12+00:00","dateModified":"2022-10-17T18:08:17+00:00","author":{"@id":"https:\/\/redactologue.fr\/blog\/#\/schema\/person\/330ce814ee05a6e36754171d04971aca"},"description":"Quelle diff\u00e9rence entre \u00ab\u00a0entrepreneuriat\u00a0\u00bb et \u00ab\u00a0entreprenariat\u00a0\u00bb ? Ils d\u00e9signent la m\u00eame chose. Alors, quelle orthographe est la bonne ?","breadcrumb":{"@id":"https:\/\/redactologue.fr\/blog\/entrepreneuriat-entreprenariat\/#breadcrumb"},"inLanguage":"fr-FR","potentialAction":[{"@type":"ReadAction","target":["https:\/\/redactologue.fr\/blog\/entrepreneuriat-entreprenariat\/"]}]},{"@type":"ImageObject","inLanguage":"fr-FR","@id":"https:\/\/redactologue.fr\/blog\/entrepreneuriat-entreprenariat\/#primaryimage","url":"https:\/\/i0.wp.com\/redactologue.fr\/blog\/wp-content\/uploads\/2022\/10\/Capture-decran-2022-10-17-200013.jpg?fit=1161%2C673&ssl=1","contentUrl":"https:\/\/i0.wp.com\/redactologue.fr\/blog\/wp-content\/uploads\/2022\/10\/Capture-decran-2022-10-17-200013.jpg?fit=1161%2C673&ssl=1","width":1161,"height":673,"caption":"entrepreneuriat ou entreprenariat"},{"@type":"BreadcrumbList","@id":"https:\/\/redactologue.fr\/blog\/entrepreneuriat-entreprenariat\/#breadcrumb","itemListElement":[{"@type":"ListItem","position":1,"name":"Home","item":"https:\/\/redactologue.fr\/blog\/"},{"@type":"ListItem","position":2,"name":"Entrepreneuriat ou Entreprenariat\u00a0: comment \u00e7a s\u2019\u00e9crit\u00a0?"}]},{"@type":"WebSite","@id":"https:\/\/redactologue.fr\/blog\/#website","url":"https:\/\/redactologue.fr\/blog\/","name":"R\u00e9dactologue","description":"SEO, cr\u00e9ation de sites Web et r\u00e9daction acad\u00e9mique ","potentialAction":[{"@type":"SearchAction","target":{"@type":"EntryPoint","urlTemplate":"https:\/\/redactologue.fr\/blog\/?s={search_term_string}"},"query-input":{"@type":"PropertyValueSpecification","valueRequired":true,"valueName":"search_term_string"}}],"inLanguage":"fr-FR"},{"@type":"Person","@id":"https:\/\/redactologue.fr\/blog\/#\/schema\/person\/330ce814ee05a6e36754171d04971aca","name":"Le R\u00e9dactologue","image":{"@type":"ImageObject","inLanguage":"fr-FR","@id":"https:\/\/secure.gravatar.com\/avatar\/f0d8b6dcf23556b30052b77bd96aac462bce228b4b35b9f1df5ef8c9ba2fa8cf?s=96&d=identicon&r=g","url":"https:\/\/secure.gravatar.com\/avatar\/f0d8b6dcf23556b30052b77bd96aac462bce228b4b35b9f1df5ef8c9ba2fa8cf?s=96&d=identicon&r=g","contentUrl":"https:\/\/secure.gravatar.com\/avatar\/f0d8b6dcf23556b30052b77bd96aac462bce228b4b35b9f1df5ef8c9ba2fa8cf?s=96&d=identicon&r=g","caption":"Le R\u00e9dactologue"},"sameAs":["http:\/\/redactologue.fr\/blog","https:\/\/x.com\/redactologue"],"url":"https:\/\/redactologue.fr\/blog\/author\/lord\/"}]}},"jetpack_featured_media_url":"https:\/\/i0.wp.com\/redactologue.fr\/blog\/wp-content\/uploads\/2022\/10\/Capture-decran-2022-10-17-200013.jpg?fit=1161%2C673&ssl=1","jetpack-related-posts":[{"id":180,"url":"https:\/\/redactologue.fr\/blog\/evenement-ou-evenement\/","url_meta":{"origin":143,"position":0},"title":"\u00c9v\u00e9nement ou \u00c9v\u00e8nement\u00a0: comment \u00e7a s\u2019\u00e9crit\u2009?","author":"Le R\u00e9dactologue","date":"6 juillet 2020","format":false,"excerpt":"Au fil de vos lectures, vous avez sans doute rencontr\u00e9 les deux orthographes du mot \u00ab\u2009\u00e9v\u00e9nement\u2009\u00bb ou \u00ab\u2009\u00e9v\u00e8nement\u2009\u00bb. Alors laquelle est correcte\u2009? En fait, les deux sont correctes selon l\u2019\u00e9tymologie du terme et selon l\u2019Acad\u00e9mie fran\u00e7aise. Si on \u00e9crivait d\u2019abord \u00ab\u2009\u00e9v\u00e9nement\u2009\u00bb avec deux accents aigus, on peut aussi d\u00e9sormais \u00e9crire\u2026","rel":"","context":"Dans &quot;Les r\u00e8gles du Fran\u00e7ais&quot;","block_context":{"text":"Les r\u00e8gles du Fran\u00e7ais","link":"https:\/\/redactologue.fr\/blog\/category\/les-regles-du-francais\/"},"img":{"alt_text":"\u00e9v\u00e9nement ou \u00e9v\u00e8nement","src":"https:\/\/i0.wp.com\/redactologue.fr\/blog\/wp-content\/uploads\/2023\/08\/Capture-decran-2023-08-07-174634.jpg?fit=1089%2C604&ssl=1&resize=350%2C200","width":350,"height":200,"srcset":"https:\/\/i0.wp.com\/redactologue.fr\/blog\/wp-content\/uploads\/2023\/08\/Capture-decran-2023-08-07-174634.jpg?fit=1089%2C604&ssl=1&resize=350%2C200 1x, https:\/\/i0.wp.com\/redactologue.fr\/blog\/wp-content\/uploads\/2023\/08\/Capture-decran-2023-08-07-174634.jpg?fit=1089%2C604&ssl=1&resize=525%2C300 1.5x, https:\/\/i0.wp.com\/redactologue.fr\/blog\/wp-content\/uploads\/2023\/08\/Capture-decran-2023-08-07-174634.jpg?fit=1089%2C604&ssl=1&resize=700%2C400 2x, https:\/\/i0.wp.com\/redactologue.fr\/blog\/wp-content\/uploads\/2023\/08\/Capture-decran-2023-08-07-174634.jpg?fit=1089%2C604&ssl=1&resize=1050%2C600 3x"},"classes":[]},{"id":149,"url":"https:\/\/redactologue.fr\/blog\/senior-ou-senior\/","url_meta":{"origin":143,"position":1},"title":"Senior ou s\u00e9nior\u00a0: comment \u00e7a s\u2019\u00e9crit\u00a0?","author":"Le R\u00e9dactologue","date":"16 mars 2020","format":false,"excerpt":"Vous avez peut-\u00eatre d\u00e9j\u00e0 crois\u00e9 ces deux orthographes \u00ab\u00a0senior\u00a0\u00bb d\u2019un c\u00f4t\u00e9 et \u00ab\u00a0s\u00e9nior\u00a0\u00bb de l\u2019autre. Alors, laquelle est la bonne\u00a0? En fait, les deux orthographes sont th\u00e9oriquement correctes. Depuis 1990, on peut \u00e9crire \u00ab\u00a0s\u00e9nior\u00a0\u00bb, mais comme souvent en fran\u00e7ais, utiliser l\u2019orthographe r\u00e9cente pourrait vous p\u00e9naliser. Explications. Senior et s\u00e9nior\u00a0: depuis\u2026","rel":"","context":"Dans &quot;Les r\u00e8gles du Fran\u00e7ais&quot;","block_context":{"text":"Les r\u00e8gles du Fran\u00e7ais","link":"https:\/\/redactologue.fr\/blog\/category\/les-regles-du-francais\/"},"img":{"alt_text":"senior","src":"https:\/\/i0.wp.com\/redactologue.fr\/blog\/wp-content\/uploads\/2022\/10\/senior.jpg?fit=1062%2C609&ssl=1&resize=350%2C200","width":350,"height":200,"srcset":"https:\/\/i0.wp.com\/redactologue.fr\/blog\/wp-content\/uploads\/2022\/10\/senior.jpg?fit=1062%2C609&ssl=1&resize=350%2C200 1x, https:\/\/i0.wp.com\/redactologue.fr\/blog\/wp-content\/uploads\/2022\/10\/senior.jpg?fit=1062%2C609&ssl=1&resize=525%2C300 1.5x, https:\/\/i0.wp.com\/redactologue.fr\/blog\/wp-content\/uploads\/2022\/10\/senior.jpg?fit=1062%2C609&ssl=1&resize=700%2C400 2x, https:\/\/i0.wp.com\/redactologue.fr\/blog\/wp-content\/uploads\/2022\/10\/senior.jpg?fit=1062%2C609&ssl=1&resize=1050%2C600 3x"},"classes":[]},{"id":123,"url":"https:\/\/redactologue.fr\/blog\/volontier-ou-volontiers\/","url_meta":{"origin":143,"position":2},"title":"Volontiers ou volontier\u00a0: comment \u00e7a s\u2019\u00e9crit\u00a0?","author":"Le R\u00e9dactologue","date":"6 janvier 2020","format":false,"excerpt":"Si le mot \u00ab\u00a0volontiers\u00a0\u00bb peut d\u00e9signer l\u2019entrain et le bon c\u0153ur avec lequel ils nous arrivent tous de nous atteler \u00e0 une t\u00e2che, son orthographe surprend parfois. Ce S final qui ne se prononce jamais, mais s\u2019\u00e9crit toujours, ne semble pas simple. Pourtant, volontiers s\u2019\u00e9crit bien toujours avec un S\u2026","rel":"","context":"Dans &quot;Les r\u00e8gles du Fran\u00e7ais&quot;","block_context":{"text":"Les r\u00e8gles du Fran\u00e7ais","link":"https:\/\/redactologue.fr\/blog\/category\/les-regles-du-francais\/"},"img":{"alt_text":"volontiers","src":"https:\/\/i0.wp.com\/redactologue.fr\/blog\/wp-content\/uploads\/2020\/01\/volontiers.jpg?fit=1200%2C535&ssl=1&resize=350%2C200","width":350,"height":200,"srcset":"https:\/\/i0.wp.com\/redactologue.fr\/blog\/wp-content\/uploads\/2020\/01\/volontiers.jpg?fit=1200%2C535&ssl=1&resize=350%2C200 1x, https:\/\/i0.wp.com\/redactologue.fr\/blog\/wp-content\/uploads\/2020\/01\/volontiers.jpg?fit=1200%2C535&ssl=1&resize=525%2C300 1.5x, https:\/\/i0.wp.com\/redactologue.fr\/blog\/wp-content\/uploads\/2020\/01\/volontiers.jpg?fit=1200%2C535&ssl=1&resize=700%2C400 2x, https:\/\/i0.wp.com\/redactologue.fr\/blog\/wp-content\/uploads\/2020\/01\/volontiers.jpg?fit=1200%2C535&ssl=1&resize=1050%2C600 3x"},"classes":[]},{"id":177,"url":"https:\/\/redactologue.fr\/blog\/je-serai-ou-je-serais\/","url_meta":{"origin":143,"position":3},"title":"Je serai ou Je serais\u00a0: comment \u00e7a s\u2019\u00e9crit\u2009?","author":"Le R\u00e9dactologue","date":"9 novembre 2023","format":false,"excerpt":"La diff\u00e9rence entre \u00ab\u2009Je serais ravie de vous voir\u2009\u00bb et \u00ab\u2009Je serai ravie de vous rencontrer\u2009\u00bb n\u2019est pas toujours \u00e9vidente pour tout le monde. Pourtant il s\u2019agit d\u2019une simple question de conjugaison facile \u00e0 retenir. La diff\u00e9rence entre \u00ab\u2009Je serai\u2009\u00bb et \u00ab\u2009Je serais\u2009\u00bb est une occasion facile de progresser en\u2026","rel":"","context":"Dans &quot;Les r\u00e8gles du Fran\u00e7ais&quot;","block_context":{"text":"Les r\u00e8gles du Fran\u00e7ais","link":"https:\/\/redactologue.fr\/blog\/category\/les-regles-du-francais\/"},"img":{"alt_text":"Je serai Je serais","src":"https:\/\/i0.wp.com\/redactologue.fr\/blog\/wp-content\/uploads\/2023\/08\/jeserai.jpg?fit=811%2C499&ssl=1&resize=350%2C200","width":350,"height":200,"srcset":"https:\/\/i0.wp.com\/redactologue.fr\/blog\/wp-content\/uploads\/2023\/08\/jeserai.jpg?fit=811%2C499&ssl=1&resize=350%2C200 1x, https:\/\/i0.wp.com\/redactologue.fr\/blog\/wp-content\/uploads\/2023\/08\/jeserai.jpg?fit=811%2C499&ssl=1&resize=525%2C300 1.5x, https:\/\/i0.wp.com\/redactologue.fr\/blog\/wp-content\/uploads\/2023\/08\/jeserai.jpg?fit=811%2C499&ssl=1&resize=700%2C400 2x"},"classes":[]},{"id":115,"url":"https:\/\/redactologue.fr\/blog\/redaction-academique\/","url_meta":{"origin":143,"position":4},"title":"R\u00e9daction acad\u00e9mique  : Les secrets d\u2019une bonne m\u00e9thodologie","author":"Le R\u00e9dactologue","date":"29 d\u00e9cembre 2019","format":false,"excerpt":"Il est impossible d\u2019exceller pendant ses \u00e9tudes sup\u00e9rieures sans ma\u00eetriser l\u2019art de la r\u00e9daction acad\u00e9mique. Si vous \u00e9tudiez beaucoup sans ma\u00eetriser les r\u00e8gles m\u00e9thodologiques de votre cursus, vous ne pourrez jamais employer correctement vos connaissances. \u00c0 l\u2019inverse, un \u00e9l\u00e8ve moyen parviendra \u00e0 valider tous ses examens sans beaucoup d\u2019efforts s\u2019il\u2026","rel":"","context":"Dans &quot;M\u00e9thodologie universitaire&quot;","block_context":{"text":"M\u00e9thodologie universitaire","link":"https:\/\/redactologue.fr\/blog\/category\/methodologie-universitaire\/"},"img":{"alt_text":"r\u00e9daction acad\u00e9mique","src":"https:\/\/i0.wp.com\/redactologue.fr\/blog\/wp-content\/uploads\/2021\/09\/pexels-cottonbro-5124850-scaled.jpg?fit=1200%2C800&ssl=1&resize=350%2C200","width":350,"height":200,"srcset":"https:\/\/i0.wp.com\/redactologue.fr\/blog\/wp-content\/uploads\/2021\/09\/pexels-cottonbro-5124850-scaled.jpg?fit=1200%2C800&ssl=1&resize=350%2C200 1x, https:\/\/i0.wp.com\/redactologue.fr\/blog\/wp-content\/uploads\/2021\/09\/pexels-cottonbro-5124850-scaled.jpg?fit=1200%2C800&ssl=1&resize=525%2C300 1.5x, https:\/\/i0.wp.com\/redactologue.fr\/blog\/wp-content\/uploads\/2021\/09\/pexels-cottonbro-5124850-scaled.jpg?fit=1200%2C800&ssl=1&resize=700%2C400 2x, https:\/\/i0.wp.com\/redactologue.fr\/blog\/wp-content\/uploads\/2021\/09\/pexels-cottonbro-5124850-scaled.jpg?fit=1200%2C800&ssl=1&resize=1050%2C600 3x"},"classes":[]},{"id":135,"url":"https:\/\/redactologue.fr\/blog\/developpement-web\/","url_meta":{"origin":143,"position":5},"title":"D\u00e9veloppement Web et r\u00e9f\u00e9rencement\u00a0: le SEO d\u00e9pend aussi du HTML","author":"Le R\u00e9dactologue","date":"31 d\u00e9cembre 2019","format":false,"excerpt":"On divise g\u00e9n\u00e9ralement le SEO en trois grands domaines\u00a0: la technique (le d\u00e9veloppement Web), la s\u00e9mantique (la r\u00e9daction de contenus optimis\u00e9s) et la popularit\u00e9 du site (les backlinks qui citent votre nom de domaine). Quand on lance son entreprise ou que l\u2019on d\u00e9bute en r\u00e9f\u00e9rencement, on fait souvent l\u2019erreur de\u2026","rel":"","context":"Dans &quot;D\u00e9veloppement Web&quot;","block_context":{"text":"D\u00e9veloppement Web","link":"https:\/\/redactologue.fr\/blog\/category\/developpement-web\/"},"img":{"alt_text":"d\u00e9veloppement web","src":"https:\/\/i0.wp.com\/redactologue.fr\/blog\/wp-content\/uploads\/2022\/10\/pexels-pixabay-270404.jpg?fit=639%2C359&ssl=1&resize=350%2C200","width":350,"height":200,"srcset":"https:\/\/i0.wp.com\/redactologue.fr\/blog\/wp-content\/uploads\/2022\/10\/pexels-pixabay-270404.jpg?fit=639%2C359&ssl=1&resize=350%2C200 1x, https:\/\/i0.wp.com\/redactologue.fr\/blog\/wp-content\/uploads\/2022\/10\/pexels-pixabay-270404.jpg?fit=639%2C359&ssl=1&resize=525%2C300 1.5x"},"classes":[]}],"jetpack_sharing_enabled":true,"_links":{"self":[{"href":"https:\/\/redactologue.fr\/blog\/wp-json\/wp\/v2\/posts\/143","targetHints":{"allow":["GET"]}}],"collection":[{"href":"https:\/\/redactologue.fr\/blog\/wp-json\/wp\/v2\/posts"}],"about":[{"href":"https:\/\/redactologue.fr\/blog\/wp-json\/wp\/v2\/types\/post"}],"author":[{"embeddable":true,"href":"https:\/\/redactologue.fr\/blog\/wp-json\/wp\/v2\/users\/1"}],"replies":[{"embeddable":true,"href":"https:\/\/redactologue.fr\/blog\/wp-json\/wp\/v2\/comments?post=143"}],"version-history":[{"count":0,"href":"https:\/\/redactologue.fr\/blog\/wp-json\/wp\/v2\/posts\/143\/revisions"}],"wp:featuredmedia":[{"embeddable":true,"href":"https:\/\/redactologue.fr\/blog\/wp-json\/wp\/v2\/media\/144"}],"wp:attachment":[{"href":"https:\/\/redactologue.fr\/blog\/wp-json\/wp\/v2\/media?parent=143"}],"wp:term":[{"taxonomy":"category","embeddable":true,"href":"https:\/\/redactologue.fr\/blog\/wp-json\/wp\/v2\/categories?post=143"},{"taxonomy":"post_tag","embeddable":true,"href":"https:\/\/redactologue.fr\/blog\/wp-json\/wp\/v2\/tags?post=143"}],"curies":[{"name":"wp","href":"https:\/\/api.w.org\/{rel}","templated":true}]}}